{"id":1358,"date":"2010-07-10T09:28:07","date_gmt":"2010-07-10T06:28:07","guid":{"rendered":"https:\/\/cagrierhan.net\/?p=1358"},"modified":"2024-03-08T09:24:26","modified_gmt":"2024-03-08T06:24:26","slug":"suriye-krizinden-cikartilacak-ders-turkiye-gazetesi","status":"publish","type":"post","link":"https:\/\/cagrierhan.net\/?p=1358","title":{"rendered":"Suriye krizinden \u00e7\u0131kart\u0131lacak ders (10.07.2010) T\u00fcrkiye Gazetesi"},"content":{"rendered":"<p><span style=\"font-family: Helvetica; font-size: 10pt;\"><strong>Suriye&#8217;de halk, ba\u015fta ba\u015fkent \u015eam olmak \u00fczere y\u00f6netim kar\u015f\u0131t\u0131 ayaklanman\u0131n sesini giderek y\u00fckseltmeye devam ediyor. \u0130dlib&#8217;de \u00e7ocuklar\u0131yla birlikte sokaklara d\u00f6k\u00fclen halk, sloganlar atarak y\u00f6netimi istifaya \u00e7a\u011f\u0131rd\u0131.&nbsp;<\/strong>Uluslararas\u0131 ili\u015fkiler okuyanlar devletler aras\u0131nda &#8220;ebedi dostluklar&#8221; olmayaca\u011f\u0131n\u0131 bilir. Uluslararas\u0131 ili\u015fkilerde \u00e7\u0131karlar, en az de\u011ferler kadar \u00f6nemlidir. T\u00fcrkiye&#8217;nin b\u00fct\u00fcn kom\u015fular\u0131yla problemlerini \u00e7\u00f6zmeye y\u00f6nelik a\u00e7\u0131l\u0131m\u0131 do\u011fru ve yerinde bir karard\u0131. Fakat uygulamaya koyulduktan bir s\u00fcre sonra ger\u00e7ek\u00e7ilikten uzakla\u015f\u0131ld\u0131. Erken bir ba\u015far\u0131 havas\u0131 i\u00e7ine girildi. \u0130\u00e7 kamuoyunun beklentilerini tatmin etme hevesi, d\u0131\u015far\u0131da sab\u0131r gerektiren i\u015flerin aceleyle yap\u0131lmas\u0131na sebep oldu. Yeni T\u00fcrk d\u0131\u015f politikas\u0131n\u0131n teorik \u00e7er\u00e7evesini olu\u015fturan temel ilkelerinin baz\u0131lar\u0131n\u0131n birbirleriyle tenakuz i\u00e7inde oldu\u011fu g\u00f6zden ka\u00e7t\u0131. T\u00fcrkiye, bir yandan Suriye ile s\u0131f\u0131r sorun politikas\u0131 izlerken, di\u011fer yandan da &#8220;\u00f6zg\u00fcrl\u00fckler ile g\u00fcvenlik aras\u0131nda&#8221; bir denge kurmay\u0131 denedi. Ermenistan ve Azerbaycan&#8217;\u0131n ikisiyle birden iyi ili\u015fkiler kurmaya \u00e7al\u0131\u015f\u0131rken, bu iki kom\u015funun birbirleriyle s\u00fcrmekte olan kan davas\u0131n\u0131n, T\u00fcrkiye&#8217;nin b\u00f6yle bir a\u00e7\u0131l\u0131m yapmas\u0131na engel olaca\u011f\u0131n\u0131 hesaba katmad\u0131. Kom\u015fular\u0131n i\u00e7 i\u015flerine kar\u0131\u015fmamay\u0131 bir ilke olarak benimsemesine ra\u011fmen, demokrasi ad\u0131na Irak&#8217;ta Maliki muhaliflerini desteklemekten \u00e7ekinmedi. Orta Do\u011fu b\u00f6lgesinde g\u00fc\u00e7l\u00fc bir varl\u0131k g\u00f6stermeye ba\u015flayan T\u00fcrkiye, &#8220;Arap Bahar\u0131&#8221;n\u0131n geldi\u011fini g\u00f6remedi\u011fi gibi, olup-bitenler kar\u015f\u0131s\u0131nda standart bir duru\u015f da sergilemedi. Tunus ve M\u0131s\u0131r&#8217;da \u00f6zg\u00fcrl\u00fckten yana tutum tak\u0131n\u0131rken, Bahreyn&#8217;de \u00f6zg\u00fcrl\u00fck isteyenlerin Suudi Arabistan taraf\u0131ndan bast\u0131r\u0131lmas\u0131na ses \u00e7\u0131karmad\u0131. Libya&#8217;da k\u0131sa s\u00fcreli bir teredd\u00fctten sonra NATO operasyonuna destek verdi. S\u0131f\u0131r sorun istedi\u011fi \u0130ran&#8217;\u0131n tepki g\u00f6sterece\u011fini bile bile NATO radar\u0131n\u0131 Malatya&#8217;ya kabul etti. Daha \u00f6nceki y\u0131llarda yap\u0131lan ekonomik-ticari anla\u015fmalar ve vizelerin kald\u0131r\u0131lmas\u0131 gibi olumlu geli\u015fmeler, muhalefeti sindiren, halk\u0131na zulmeden Esad liderli\u011findeki Baas rejiminin uygulamalar\u0131na epey bir s\u00fcre ses \u00e7\u0131kart\u0131lmamas\u0131 sonucunu do\u011furdu. H\u00e2lbuki T\u00fcrkiye&#8217;nin sorunlar\u0131n\u0131 s\u0131f\u0131rlamaya \u00e7al\u0131\u015ft\u0131\u011f\u0131 Esad, bug\u00fcn oldu\u011fu gibi d\u00fcn de diktat\u00f6rd\u00fc. &#8220;Kom\u015fularla S\u0131f\u0131r Sorun&#8221; T\u00fcrkiye&#8217;nin \u00f6ncelikli bir politikas\u0131 olmaktan maalesef \u00e7\u0131kt\u0131. Politikan\u0131n ba\u015flang\u0131\u00e7tan itibaren ihtiva etti\u011fi yap\u0131sal zay\u0131fl\u0131klar ve mevcut b\u00f6lgesel konjonkt\u00fcr sebebiyle, bu politikan\u0131n ne tamir, ne tadil ne de tevil edilecek bir taraf\u0131 kalm\u0131\u015ft\u0131r. Bu durumun temel sebebi, T\u00fcrkiye&#8217;nin kendi d\u0131\u015f politikas\u0131n\u0131 olu\u015ftururken de\u011ferler-\u00e7\u0131karlar dengesini \u00e7ok iyi form\u00fcle edememi\u015f olu\u015fudur. Suriye krizinden \u00e7\u0131kart\u0131lacak stratejik ders, b\u00fct\u00fcn zamanlar ve mek\u00e2nlarda ge\u00e7erli &#8220;sihirli&#8221; d\u0131\u015f politika teorilerinin olmad\u0131\u011f\u0131d\u0131r. T\u00fcrkiye&#8217;nin aktif olmakla, &#8220;her i\u015fe kar\u0131\u015fmak&#8221; aras\u0131ndaki n\u00fcans\u0131n ay\u0131rd\u0131na vararak, de\u011ferler-\u00e7\u0131karlar ikilemini \u00f6nce kendi d\u0131\u015f politika karar al\u0131c\u0131lar\u0131n\u0131n zihinlerinde gidermesi gerekir. T\u00fcrkiye&#8217;nin b\u00f6lgedeki as\u0131l g\u00fcc\u00fcn\u00fcn bizzat kendisinden kaynakland\u0131\u011f\u0131, m\u00fcttefiklerimizin ihtiya\u00e7 duydu\u011fumuz anlarda yan\u0131m\u0131zda olmamay\u0131 tercih edebilecekleri ger\u00e7e\u011fi art\u0131k g\u00f6r\u00fclmelidir. Yak\u0131n zamana kadar T\u00fcrkiye&#8217;nin &#8220;sert g\u00fc\u00e7&#8221; de\u011fil, &#8220;yumu\u015fak g\u00fc\u00e7&#8221; oldu\u011funu, T\u00fcrkiye&#8217;nin Orta Do\u011fu&#8217;daki y\u00fckseli\u015fini ticaret, k\u00fclt\u00fcrel faaliyetler, medya ili\u015fkileri gibi yumu\u015fak g\u00fc\u00e7 unsurlar\u0131na ba\u011flayanlar, Suriye kriziyle birlikte bu defa daT\u00fcrkiye&#8217;nin &#8220;ak\u0131ll\u0131 g\u00fc\u00e7&#8221; oldu\u011fundan bahsetmeye ba\u015flam\u0131\u015flard\u0131r. T\u00fcrkiye&#8217;nin Suriye s\u0131n\u0131r\u0131na asker kayd\u0131rd\u0131\u011f\u0131 bir d\u00f6nemde &#8220;yumu\u015fak g\u00fcc\u00fcz&#8221; demenin ne kadar anlams\u0131z oldu\u011fundan hareketle yap\u0131lan bu &#8220;ak\u0131ll\u0131 g\u00fc\u00e7&#8221; manevras\u0131, \u00e7ok yak\u0131n zamana kadar s\u0131k\u00e7a dile getirilen &#8220;So\u011fuk Sava\u015f \u015fartlar\u0131n\u0131n art\u0131k geride kald\u0131\u011f\u0131&#8221;, &#8220;T\u00fcrkiye&#8217;nin bir cephe \u00fclkesi olmad\u0131\u011f\u0131&#8221; dolay\u0131s\u0131yla &#8220;sert g\u00fc\u00e7&#8221; olarak nitelendirilemeyece\u011fi \u015feklindeki g\u00f6r\u00fc\u015fleri de ge\u00e7ersiz k\u0131lm\u0131\u015ft\u0131r. Arap Bahar\u0131 ba\u015flad\u0131\u011f\u0131nda, T\u00fcrkiye&#8217;nin bu yeni d\u00f6nemden zarar g\u00f6rmeden \u00e7\u0131kmas\u0131 i\u00e7in politikalar\u0131n\u0131 g\u00f6zden ge\u00e7irmesinin gerekli oldu\u011funu bu k\u00f6\u015fede defalarca yazm\u0131\u015ft\u0131m. G\u00fcndelik geli\u015fmelerin h\u0131z\u0131 sa\u011fl\u0131kl\u0131 bir politika olu\u015fturulmas\u0131n\u0131 engelledi. T\u00fcrkiye, &#8220;d\u00fczen kurucu&#8221; olmay\u0131 istedi\u011fi Orta Do\u011fu co\u011frafyas\u0131nda, herhangi bir provokasyonla sava\u015fa \u00e7ekilebilecek bir \u00fclke gibi alg\u0131lanmaya ba\u015flad\u0131. T\u00fcrkiye&#8217;nin b\u00f6lgedeki n\u00fcfuzunun artmas\u0131n\u0131 istemeyenler, T\u00fcrkiye&#8217;nin hata yapmas\u0131n\u0131 d\u00f6rt g\u00f6zle bekliyorlar. D\u00fc\u015fmanlar\u0131n\u0131 sevindirmemek i\u00e7in T\u00fcrkiye&#8217;nin d\u0131\u015f politika \u00f6nceliklerini, bu defa ger\u00e7ek\u00e7i \u015fekilde, yeniden belirlemesi gerekmektedir. Bu yap\u0131l\u0131rken, T\u00fcrkiye&#8217;nin kendi demokratikle\u015fme s\u00fcrecinin, d\u0131\u015f geli\u015fmeler kar\u015f\u0131s\u0131nda ne kadar hassas olabilece\u011fi de ak\u0131lda tutulmal\u0131d\u0131r.<\/span><\/p>\n","protected":false},"excerpt":{"rendered":"<p>Suriye&#8217;de halk, ba\u015fta ba\u015fkent \u015eam olmak \u00fczere y\u00f6netim kar\u015f\u0131t\u0131 ayaklanman\u0131n sesini giderek y\u00fckseltmeye devam ediyor. \u0130dlib&#8217;de \u00e7ocuklar\u0131yla birlikte sokaklara d\u00f6k\u00fclen halk, sloganlar atarak y\u00f6netimi istifaya \u00e7a\u011f\u0131rd\u0131.&nbsp;Uluslararas\u0131 ili\u015fkiler okuyanlar devletler aras\u0131nda &#8220;ebedi dostluklar&#8221; olmayaca\u011f\u0131n\u0131 bilir. Uluslararas\u0131 ili\u015fkilerde \u00e7\u0131karlar, en az de\u011ferler kadar \u00f6nemlidir. T\u00fcrkiye&#8217;nin b\u00fct\u00fcn kom\u015fular\u0131yla problemlerini \u00e7\u00f6zmeye y\u00f6nelik a\u00e7\u0131l\u0131m\u0131 do\u011fru ve yerinde bir karard\u0131. Fakat [&hellip;]<\/p>\n","protected":false},"author":1,"featured_media":13765,"comment_status":"closed","ping_status":"closed","sticky":false,"template":"","format":"standard","meta":{"footnotes":""},"categories":[3],"tags":[],"class_list":["post-1358","post","type-post","status-publish","format-standard","has-post-thumbnail","hentry","category-gazete"],"_links":{"self":[{"href":"https:\/\/cagrierhan.net\/index.php?rest_route=\/wp\/v2\/posts\/1358","targetHints":{"allow":["GET"]}}],"collection":[{"href":"https:\/\/cagrierhan.net\/index.php?rest_route=\/wp\/v2\/posts"}],"about":[{"href":"https:\/\/cagrierhan.net\/index.php?rest_route=\/wp\/v2\/types\/post"}],"author":[{"embeddable":true,"href":"https:\/\/cagrierhan.net\/index.php?rest_route=\/wp\/v2\/users\/1"}],"replies":[{"embeddable":true,"href":"https:\/\/cagrierhan.net\/index.php?rest_route=%2Fwp%2Fv2%2Fcomments&post=1358"}],"version-history":[{"count":0,"href":"https:\/\/cagrierhan.net\/index.php?rest_route=\/wp\/v2\/posts\/1358\/revisions"}],"wp:featuredmedia":[{"embeddable":true,"href":"https:\/\/cagrierhan.net\/index.php?rest_route=\/wp\/v2\/media\/13765"}],"wp:attachment":[{"href":"https:\/\/cagrierhan.net\/index.php?rest_route=%2Fwp%2Fv2%2Fmedia&parent=1358"}],"wp:term":[{"taxonomy":"category","embeddable":true,"href":"https:\/\/cagrierhan.net\/index.php?rest_route=%2Fwp%2Fv2%2Fcategories&post=1358"},{"taxonomy":"post_tag","embeddable":true,"href":"https:\/\/cagrierhan.net\/index.php?rest_route=%2Fwp%2Fv2%2Ftags&post=1358"}],"curies":[{"name":"wp","href":"https:\/\/api.w.org\/{rel}","templated":true}]}}